{"id":27,"date":"2023-10-30T13:52:04","date_gmt":"2023-10-30T12:52:04","guid":{"rendered":"http:\/\/renvoiaux22.fr\/?p=27"},"modified":"2023-10-31T08:09:28","modified_gmt":"2023-10-31T07:09:28","slug":"rideau-de-fer-sur-la-coupe-du-monde","status":"publish","type":"post","link":"https:\/\/renvoiaux22.fr\/index.php\/2023\/10\/30\/rideau-de-fer-sur-la-coupe-du-monde\/","title":{"rendered":"Rideau (de fer) sur la Coupe du monde"},"content":{"rendered":"\n<figure class=\"wp-block-image size-large\"><img loading=\"lazy\" decoding=\"async\" width=\"1024\" height=\"462\" src=\"https:\/\/renvoiaux22.fr\/wp-content\/uploads\/2023\/10\/IMG_20231028_233842-1-1024x462.jpg\" alt=\"\" class=\"wp-image-40\" srcset=\"https:\/\/renvoiaux22.fr\/wp-content\/uploads\/2023\/10\/IMG_20231028_233842-1-1024x462.jpg 1024w, https:\/\/renvoiaux22.fr\/wp-content\/uploads\/2023\/10\/IMG_20231028_233842-1-300x135.jpg 300w, https:\/\/renvoiaux22.fr\/wp-content\/uploads\/2023\/10\/IMG_20231028_233842-1-768x346.jpg 768w, https:\/\/renvoiaux22.fr\/wp-content\/uploads\/2023\/10\/IMG_20231028_233842-1-1536x693.jpg 1536w, https:\/\/renvoiaux22.fr\/wp-content\/uploads\/2023\/10\/IMG_20231028_233842-1-2048x924.jpg 2048w, https:\/\/renvoiaux22.fr\/wp-content\/uploads\/2023\/10\/IMG_20231028_233842-1-750x338.jpg 750w\" sizes=\"auto, (max-width: 1024px) 100vw, 1024px\" \/><\/figure>\n\n\n\n<p>Samedi s&#8217;est conclue la seconde coupe du monde de rugby organis\u00e9e sur le sol fran\u00e7ais. Et comme pour sa devanci\u00e8re, l&#8217;\u00e9quipe de France et ses supporters ont regard\u00e9, de loin, un capitaine Sud-africain brandir la timbale dor\u00e9e.<\/p>\n\n\n\n\n\n<p>En 2007, les espoirs tricolores de troph\u00e9e s&#8217;\u00e9taient bris\u00e9s sur un XV de la Rose qui n&#8217;avait plus tout \u00e0 fait le m\u00eame \u00e9clat que trois ann\u00e9es auparavant, lorsqu&#8217;il fut titr\u00e9, mais toujours suffisamment d&#8217;\u00e9pines pour emp\u00eacher les hommes de Bernard Laporte d&#8217;acc\u00e9der \u00e0 la finale contre les Springboks.<\/p>\n\n\n\n<p>Seize ans plus tard, sans Bernard Laporte, \u00e9cart\u00e9 de la FFR apr\u00e8s avoir ravi l&#8217;organisation de la comp\u00e9tition \u00e0 l&#8217;Afrique du Sud, les Fran\u00e7ais ont bien jou\u00e9 contre les gros hommes verts, mais toujours pas en finale, malheureusement. Leur parcours s&#8217;est arr\u00eat\u00e9 en quarts, pour un petit point, soit quatre de moins que ceux laiss\u00e9s en route par Thomas Ramos, dont deux qui continueront longtemps de faire parler, \u00e0 moins que Cheslin Kolbe ne mette tout le monde d&#8217;accord en remportant la m\u00e9daille d&#8217;or de l&#8217;\u00e9preuve du cent m\u00e8tres aux prochains jeux olympiques.<\/p>\n\n\n\n<p>Pour les Bleus, le constat est naturellement celui d&#8217;un \u00e9chec. On ne peut pas parler d&#8217;autre chose quand on vise le titre et qu&#8217;on quitte la comp\u00e9tition de mani\u00e8re pr\u00e9matur\u00e9e, f\u00fbt-ce contre les futurs champions du monde. Mais parler de naufrage ou de d\u00e9sastre, comme on a pu le lire dans la presse ou sur les r\u00e9seaux sociaux, rel\u00e8ve au mieux de la mauvaise foi, au pire d&#8217;une esp\u00e8ce de jouissance sadique qui n&#8217;aurait pas d\u00e9plu au divin Marquis.<\/p>\n\n\n\n<p>S&#8217;il aura manqu\u00e9 au XV de France un certain nombre d&#8217;ingr\u00e9dients pour que la mayonnaise ne tourne pas \u00e0 l&#8217;aigre, on pourra toujours estimer que sa strat\u00e9gie de d\u00e9possession, tellement critiqu\u00e9e ces derniers mois, n&#8217;\u00e9tait pas si mal vue, au regard du r\u00e9sultat final d&#8217;une coupe du monde remport\u00e9e par une \u00e9quipe qui a pass\u00e9 plus de temps \u00e0 refuser le jeu qu&#8217;\u00e0 en produire, et s&#8217;est complu \u00e0 priver ses adversaires de munitions tout en utilisant l&#8217;essentiel des siennes \u00e0 taper (fort bien, au demeurant) dans le camp d&#8217;en face.<\/p>\n\n\n\n<p>Pour trouver du jeu, il a surtout fallu regarder ces \u00e9quipes dites du &#8220;tier 2&#8221;, voire du &#8220;tier 3&#8221;  (magnifique Portugal !), convi\u00e9es tous les quatre ans \u00e0 occuper le temps pendant le premier mois de la comp\u00e9tition, avant que les choses s\u00e9rieuses ne d\u00e9butent et que les nations du haut du panier ne se disputent la coupe Webb-Ellis.<\/p>\n\n\n\n<p>S&#8217;il faut reconna\u00eetre que l&#8217;intensit\u00e9 n&#8217;a pas manqu\u00e9 \u00e0 l&#8217;occasion des matchs \u00e0 \u00e9limination directe ou lors des affrontements entre favoris lors des phases de poule, cette intensit\u00e9 ne s&#8217;est pas, loin s&#8217;en faut accompagn\u00e9e d&#8217;une orgie de jeu. Le rentre-dedans a pr\u00e9valu sur l&#8217;\u00e9vitement, le jeu au pied sur celui \u00e0 la main et le ralentissement des rucks, \u00e9rig\u00e9 au rang d&#8217;art par les Irlandais ou les Sud-africains, mais pratiqu\u00e9 syst\u00e9matiquement par toutes les \u00e9quipes, a sonn\u00e9 le glas des vell\u00e9it\u00e9s d&#8217;attaques. Quant aux statistiques d&#8217;essais inscrits, elles sont, comme souvent, \u00e0 prendre avec des pincettes : ainsi 18 des 30 essais inscrits par les Springboks l&#8217;ont \u00e9t\u00e9 face \u00e0 la Roumanie et aux Tonga.<\/p>\n\n\n\n<p>On r\u00e9torquera que c&#8217;est souvent le cas lors des coupes du monde, qui voient souvent un jeu restrictif l&#8217;emporter sur toute autre forme de rugby. C&#8217;est certainement vrai, m\u00eame si le souvenir des deux derni\u00e8res \u00e9ditions reste celui d&#8217;un jeu un poil plus enlev\u00e9. Il est en revanche assez g\u00eanant de constater que le discours dont World rugby nous a rebattu les oreilles pendant plusieurs mois en faveur d&#8217;un rugby d&#8217;attaque, discours accompagn\u00e9 de nouvelles r\u00e8gles (50-22) et de directives aux arbitres, a rapidement fait pschitt durant cette \u00e9dition.<\/p>\n\n\n\n<p>Le rideau est donc tomb\u00e9 sur la sc\u00e8ne ovale mondiale. Mais pas celui qu&#8217;on imaginait, chamarr\u00e9, du th\u00e9\u00e2tre de nos r\u00eaves de jeu d\u00e9brid\u00e9. <\/p>\n\n\n\n<p>Plut\u00f4t celui de fer, plant\u00e9 au ras de chaque regroupement et devant la ligne d&#8217;en-but des nations majeures de ce sport.<\/p>\n","protected":false},"excerpt":{"rendered":"<p>Samedi s&#8217;est conclue la seconde coupe du monde de rugby organis\u00e9e sur le sol fran\u00e7ais. Et comme pour sa devanci\u00e8re, l&#8217;\u00e9quipe de France et ses supporters ont regard\u00e9, de loin, un capitaine Sud-africain brandir la timbale dor\u00e9e. En 2007, les espoirs tricolores de troph\u00e9e s&#8217;\u00e9taient bris\u00e9s sur un XV de la Rose qui n&#8217;avait plus &hellip; <\/p>\n<p><a class=\"more-link btn\" href=\"https:\/\/renvoiaux22.fr\/index.php\/2023\/10\/30\/rideau-de-fer-sur-la-coupe-du-monde\/\">Continue reading<\/a><\/p>\n","protected":false},"author":2,"featured_media":0,"comment_status":"open","ping_status":"open","sticky":false,"template":"","format":"standard","meta":{"footnotes":""},"categories":[4],"tags":[11,13,14,12],"class_list":["post-27","post","type-post","status-publish","format-standard","hentry","category-rugby-international","tag-coupe-du-monde","tag-defense","tag-fer","tag-jeu","item-wrap"],"jetpack_sharing_enabled":true,"jetpack_featured_media_url":"","_links":{"self":[{"href":"https:\/\/renvoiaux22.fr\/index.php\/wp-json\/wp\/v2\/posts\/27","targetHints":{"allow":["GET"]}}],"collection":[{"href":"https:\/\/renvoiaux22.fr\/index.php\/wp-json\/wp\/v2\/posts"}],"about":[{"href":"https:\/\/renvoiaux22.fr\/index.php\/wp-json\/wp\/v2\/types\/post"}],"author":[{"embeddable":true,"href":"https:\/\/renvoiaux22.fr\/index.php\/wp-json\/wp\/v2\/users\/2"}],"replies":[{"embeddable":true,"href":"https:\/\/renvoiaux22.fr\/index.php\/wp-json\/wp\/v2\/comments?post=27"}],"version-history":[{"count":8,"href":"https:\/\/renvoiaux22.fr\/index.php\/wp-json\/wp\/v2\/posts\/27\/revisions"}],"predecessor-version":[{"id":41,"href":"https:\/\/renvoiaux22.fr\/index.php\/wp-json\/wp\/v2\/posts\/27\/revisions\/41"}],"wp:attachment":[{"href":"https:\/\/renvoiaux22.fr\/index.php\/wp-json\/wp\/v2\/media?parent=27"}],"wp:term":[{"taxonomy":"category","embeddable":true,"href":"https:\/\/renvoiaux22.fr\/index.php\/wp-json\/wp\/v2\/categories?post=27"},{"taxonomy":"post_tag","embeddable":true,"href":"https:\/\/renvoiaux22.fr\/index.php\/wp-json\/wp\/v2\/tags?post=27"}],"curies":[{"name":"wp","href":"https:\/\/api.w.org\/{rel}","templated":true}]}}